{"id":263,"date":"2015-04-18T14:24:13","date_gmt":"2015-04-18T14:24:13","guid":{"rendered":"http:\/\/austejai.lt\/?p=263"},"modified":"2019-04-21T14:25:24","modified_gmt":"2019-04-21T14:25:24","slug":"2015-reabilitacija-abromiskiu-vaiku-reabilitacineje-ligonineje","status":"publish","type":"post","link":"https:\/\/austejai.lt\/index.php\/2015\/04\/18\/2015-reabilitacija-abromiskiu-vaiku-reabilitacineje-ligonineje\/","title":{"rendered":"2015 reabilitacija Abromi\u0161ki\u0173 vaik\u0173 reabilitacin\u0117je ligonin\u0117je"},"content":{"rendered":"","protected":false},"excerpt":{"rendered":"","protected":false},"author":3,"featured_media":0,"comment_status":"closed","ping_status":"closed","sticky":false,"template":"","format":"standard","meta":{"footnotes":""},"categories":[4],"tags":[],"class_list":["post-263","post","type-post","status-publish","format-standard","hentry","category-reabilitacija"],"acf":[],"_links":{"self":[{"href":"https:\/\/austejai.lt\/index.php\/wp-json\/wp\/v2\/posts\/263","targetHints":{"allow":["GET"]}}],"collection":[{"href":"https:\/\/austejai.lt\/index.php\/wp-json\/wp\/v2\/posts"}],"about":[{"href":"https:\/\/austejai.lt\/index.php\/wp-json\/wp\/v2\/types\/post"}],"author":[{"embeddable":true,"href":"https:\/\/austejai.lt\/index.php\/wp-json\/wp\/v2\/users\/3"}],"replies":[{"embeddable":true,"href":"https:\/\/austejai.lt\/index.php\/wp-json\/wp\/v2\/comments?post=263"}],"version-history":[{"count":3,"href":"https:\/\/austejai.lt\/index.php\/wp-json\/wp\/v2\/posts\/263\/revisions"}],"predecessor-version":[{"id":266,"href":"https:\/\/austejai.lt\/index.php\/wp-json\/wp\/v2\/posts\/263\/revisions\/266"}],"wp:attachment":[{"href":"https:\/\/austejai.lt\/index.php\/wp-json\/wp\/v2\/media?parent=263"}],"wp:term":[{"taxonomy":"category","embeddable":true,"href":"https:\/\/austejai.lt\/index.php\/wp-json\/wp\/v2\/categories?post=263"},{"taxonomy":"post_tag","embeddable":true,"href":"https:\/\/austejai.lt\/index.php\/wp-json\/wp\/v2\/tags?post=263"}],"curies":[{"name":"wp","href":"https:\/\/api.w.org\/{rel}","templated":true}]}}